{"id":546,"date":"2026-03-03T14:35:46","date_gmt":"2026-03-03T14:35:46","guid":{"rendered":"https:\/\/dev.mercadocriativo.pt\/giz\/?post_type=news&#038;p=546"},"modified":"2026-04-20T09:53:23","modified_gmt":"2026-04-20T09:53:23","slug":"assinado-protocolo-com-a-etic_","status":"publish","type":"news","link":"https:\/\/dev.mercadocriativo.pt\/giz\/index.php\/news\/assinado-protocolo-com-a-etic_\/","title":{"rendered":"Assinado Protocolo com a etic_"},"content":{"rendered":"","protected":false},"excerpt":{"rendered":"<p>A Giz assinou um protocolo com a etic_ escola t\u00e9cnica de imagem e comunica\u00e7\u00e3o, que ir\u00e1 possibilitar, partilha de recursos humanos e t\u00e9cnicos, \u2026<\/p>\n","protected":false},"featured_media":23,"menu_order":0,"template":"elementor_theme","categories":[],"class_list":["post-546","news","type-news","status-publish","has-post-thumbnail","hentry"],"_links":{"self":[{"href":"https:\/\/dev.mercadocriativo.pt\/giz\/index.php\/wp-json\/wp\/v2\/news\/546","targetHints":{"allow":["GET"]}}],"collection":[{"href":"https:\/\/dev.mercadocriativo.pt\/giz\/index.php\/wp-json\/wp\/v2\/news"}],"about":[{"href":"https:\/\/dev.mercadocriativo.pt\/giz\/index.php\/wp-json\/wp\/v2\/types\/news"}],"version-history":[{"count":1,"href":"https:\/\/dev.mercadocriativo.pt\/giz\/index.php\/wp-json\/wp\/v2\/news\/546\/revisions"}],"predecessor-version":[{"id":634,"href":"https:\/\/dev.mercadocriativo.pt\/giz\/index.php\/wp-json\/wp\/v2\/news\/546\/revisions\/634"}],"wp:featuredmedia":[{"embeddable":true,"href":"https:\/\/dev.mercadocriativo.pt\/giz\/index.php\/wp-json\/wp\/v2\/media\/23"}],"wp:attachment":[{"href":"https:\/\/dev.mercadocriativo.pt\/giz\/index.php\/wp-json\/wp\/v2\/media?parent=546"}],"wp:term":[{"taxonomy":"category","embeddable":true,"href":"https:\/\/dev.mercadocriativo.pt\/giz\/index.php\/wp-json\/wp\/v2\/categories?post=546"}],"curies":[{"name":"wp","href":"https:\/\/api.w.org\/{rel}","templated":true}]}}