{"id":544,"date":"2026-03-03T14:34:30","date_gmt":"2026-03-03T14:34:30","guid":{"rendered":"https:\/\/dev.mercadocriativo.pt\/giz\/?post_type=news&#038;p=544"},"modified":"2026-04-20T09:53:23","modified_gmt":"2026-04-20T09:53:23","slug":"webdesign-para-designers-graficos","status":"publish","type":"news","link":"https:\/\/dev.mercadocriativo.pt\/giz\/index.php\/news\/webdesign-para-designers-graficos\/","title":{"rendered":"Webdesign para designers gr\u00e1ficos"},"content":{"rendered":"","protected":false},"excerpt":{"rendered":"<p>Teve in\u00edcio nas instala\u00e7\u00f5es da Giz em S. Pedro do Estoril o curso de webdesign para designers gr\u00e1ficos. Desenhado de forma espec\u00edfica para aqueles \u2026<\/p>\n","protected":false},"featured_media":23,"menu_order":0,"template":"elementor_theme","categories":[],"class_list":["post-544","news","type-news","status-publish","has-post-thumbnail","hentry"],"_links":{"self":[{"href":"https:\/\/dev.mercadocriativo.pt\/giz\/index.php\/wp-json\/wp\/v2\/news\/544","targetHints":{"allow":["GET"]}}],"collection":[{"href":"https:\/\/dev.mercadocriativo.pt\/giz\/index.php\/wp-json\/wp\/v2\/news"}],"about":[{"href":"https:\/\/dev.mercadocriativo.pt\/giz\/index.php\/wp-json\/wp\/v2\/types\/news"}],"version-history":[{"count":1,"href":"https:\/\/dev.mercadocriativo.pt\/giz\/index.php\/wp-json\/wp\/v2\/news\/544\/revisions"}],"predecessor-version":[{"id":636,"href":"https:\/\/dev.mercadocriativo.pt\/giz\/index.php\/wp-json\/wp\/v2\/news\/544\/revisions\/636"}],"wp:featuredmedia":[{"embeddable":true,"href":"https:\/\/dev.mercadocriativo.pt\/giz\/index.php\/wp-json\/wp\/v2\/media\/23"}],"wp:attachment":[{"href":"https:\/\/dev.mercadocriativo.pt\/giz\/index.php\/wp-json\/wp\/v2\/media?parent=544"}],"wp:term":[{"taxonomy":"category","embeddable":true,"href":"https:\/\/dev.mercadocriativo.pt\/giz\/index.php\/wp-json\/wp\/v2\/categories?post=544"}],"curies":[{"name":"wp","href":"https:\/\/api.w.org\/{rel}","templated":true}]}}