{"id":543,"date":"2026-03-03T14:33:44","date_gmt":"2026-03-03T14:33:44","guid":{"rendered":"https:\/\/dev.mercadocriativo.pt\/giz\/?post_type=news&#038;p=543"},"modified":"2026-04-20T09:53:23","modified_gmt":"2026-04-20T09:53:23","slug":"formacao-a-medida-na-rr","status":"publish","type":"news","link":"https:\/\/dev.mercadocriativo.pt\/giz\/index.php\/news\/formacao-a-medida-na-rr\/","title":{"rendered":"Forma\u00e7\u00e3o \u00e0 medida na RR"},"content":{"rendered":"","protected":false},"excerpt":{"rendered":"<p> No passado m\u00eas de Dezembro durante um per\u00edodo de duas semanas o formador Miguel Kennedy ministrou um curso de Flash avan\u00e7ado nas instala\u00e7\u00f5es da \u2026<\/p>\n","protected":false},"featured_media":23,"menu_order":0,"template":"elementor_theme","categories":[],"class_list":["post-543","news","type-news","status-publish","has-post-thumbnail","hentry"],"_links":{"self":[{"href":"https:\/\/dev.mercadocriativo.pt\/giz\/index.php\/wp-json\/wp\/v2\/news\/543","targetHints":{"allow":["GET"]}}],"collection":[{"href":"https:\/\/dev.mercadocriativo.pt\/giz\/index.php\/wp-json\/wp\/v2\/news"}],"about":[{"href":"https:\/\/dev.mercadocriativo.pt\/giz\/index.php\/wp-json\/wp\/v2\/types\/news"}],"version-history":[{"count":1,"href":"https:\/\/dev.mercadocriativo.pt\/giz\/index.php\/wp-json\/wp\/v2\/news\/543\/revisions"}],"predecessor-version":[{"id":637,"href":"https:\/\/dev.mercadocriativo.pt\/giz\/index.php\/wp-json\/wp\/v2\/news\/543\/revisions\/637"}],"wp:featuredmedia":[{"embeddable":true,"href":"https:\/\/dev.mercadocriativo.pt\/giz\/index.php\/wp-json\/wp\/v2\/media\/23"}],"wp:attachment":[{"href":"https:\/\/dev.mercadocriativo.pt\/giz\/index.php\/wp-json\/wp\/v2\/media?parent=543"}],"wp:term":[{"taxonomy":"category","embeddable":true,"href":"https:\/\/dev.mercadocriativo.pt\/giz\/index.php\/wp-json\/wp\/v2\/categories?post=543"}],"curies":[{"name":"wp","href":"https:\/\/api.w.org\/{rel}","templated":true}]}}