{"id":540,"date":"2026-03-03T14:24:33","date_gmt":"2026-03-03T14:24:33","guid":{"rendered":"https:\/\/dev.mercadocriativo.pt\/giz\/?post_type=news&#038;p=540"},"modified":"2026-04-20T09:53:23","modified_gmt":"2026-04-20T09:53:23","slug":"bonecos-em-tecido","status":"publish","type":"news","link":"https:\/\/dev.mercadocriativo.pt\/giz\/index.php\/news\/bonecos-em-tecido\/","title":{"rendered":"Bonecos em tecido"},"content":{"rendered":"","protected":false},"excerpt":{"rendered":"<p> Realizou-se no fim de semana de Carnaval um workshop de Bonecos em tecido.Desde o desenho do boneco at\u00e9 \u00e0 sua produ\u00e7\u00e3o final foi um dia de emo\u00e7\u00f5es \u2026<\/p>\n","protected":false},"featured_media":23,"menu_order":0,"template":"elementor_theme","categories":[],"class_list":["post-540","news","type-news","status-publish","has-post-thumbnail","hentry"],"_links":{"self":[{"href":"https:\/\/dev.mercadocriativo.pt\/giz\/index.php\/wp-json\/wp\/v2\/news\/540","targetHints":{"allow":["GET"]}}],"collection":[{"href":"https:\/\/dev.mercadocriativo.pt\/giz\/index.php\/wp-json\/wp\/v2\/news"}],"about":[{"href":"https:\/\/dev.mercadocriativo.pt\/giz\/index.php\/wp-json\/wp\/v2\/types\/news"}],"version-history":[{"count":1,"href":"https:\/\/dev.mercadocriativo.pt\/giz\/index.php\/wp-json\/wp\/v2\/news\/540\/revisions"}],"predecessor-version":[{"id":640,"href":"https:\/\/dev.mercadocriativo.pt\/giz\/index.php\/wp-json\/wp\/v2\/news\/540\/revisions\/640"}],"wp:featuredmedia":[{"embeddable":true,"href":"https:\/\/dev.mercadocriativo.pt\/giz\/index.php\/wp-json\/wp\/v2\/media\/23"}],"wp:attachment":[{"href":"https:\/\/dev.mercadocriativo.pt\/giz\/index.php\/wp-json\/wp\/v2\/media?parent=540"}],"wp:term":[{"taxonomy":"category","embeddable":true,"href":"https:\/\/dev.mercadocriativo.pt\/giz\/index.php\/wp-json\/wp\/v2\/categories?post=540"}],"curies":[{"name":"wp","href":"https:\/\/api.w.org\/{rel}","templated":true}]}}