{"id":1114,"date":"2026-04-20T09:04:26","date_gmt":"2026-04-20T09:04:26","guid":{"rendered":"https:\/\/dev.mercadocriativo.pt\/giz\/?post_type=news&#038;p=1114"},"modified":"2026-04-20T13:38:31","modified_gmt":"2026-04-20T13:38:31","slug":"pedro-andrade-da-etic-algarve-conquista-2-o-lugar-no-premio-sophia-estudante-2024","status":"publish","type":"news","link":"https:\/\/dev.mercadocriativo.pt\/giz\/index.php\/news\/pedro-andrade-da-etic-algarve-conquista-2-o-lugar-no-premio-sophia-estudante-2024\/","title":{"rendered":"Pedro Andrade da ETIC Algarve Conquista 2.\u00ba Lugar no Pr\u00e9mio Sophia Estudante 2024"},"content":{"rendered":"\n<p class=\"has-small-font-size\">A excel\u00eancia dos nossos alunos continua a brilhar! Pedro Andrade, formando do curso de Design de Comunica\u00e7\u00e3o e Multim\u00e9dia 23|25 da ETIC Algarve, conquistou o 2.\u00ba lugar na categoria de Identidade Gr\u00e1fica do prestigiado Pr\u00e9mio Sophia Estudante 2024.<\/p>\n\n\n\n<p class=\"has-small-font-size\">O cartaz desenvolvido pelo Pedro Andrade foi inspirado pelo teatro escolar, pois fez parte de um n\u00facleo de teatro durante o ensino b\u00e1sico. Esta imagem reflete as complexidades do trabalho de um ator desde a prepara\u00e7\u00e3o da personagem at\u00e9 \u00e0 interpreta\u00e7\u00e3o de um gui\u00e3o, o projeto destaca a intensidade e os desafios do processo art\u00edstico, transmitindo uma mensagem visual poderosa e envolvente.<\/p>\n\n\n\n<p><\/p>\n\n\n\n<p class=\"has-medium-font-size\">O Processo Criativo e o Apoio da ETIC Algarve.<\/p>\n\n\n\n<p class=\"has-medium-font-size\">A abordagem pr\u00e1tica do ensino na ETIC Algarve foi essencial para o sucesso deste trabalho. O Pedro destaca o papel da escola no seu percurso: \u201cO meu objetivo era transmitir a mensagem da complexidade e dedica\u00e7\u00e3o envolvidas no trabalho de um ator, e o apoio da escola foi essencial para que a mensagem chegasse ao p\u00fablico de forma eficaz.\u201d<\/p>\n\n\n\n<p class=\"has-small-font-size\">O acompanhamento pr\u00f3ximo dos nossos formadores e a aposta no ensino pr\u00e1tico permitiram que o Pedro aplicasse os conceitos aprendidos em sala de aula, resultando numa pe\u00e7a de grande impacto visual e art\u00edstico.<\/p>\n\n\n\n<p class=\"has-black-color has-text-color has-link-color has-medium-font-size wp-elements-d841510e1b0fcb8a4f8175f57e955286\">Palavras do Diretor Pedag\u00f3gico<\/p>\n\n\n\n<p class=\"has-link-color has-medium-font-size wp-elements-86bf40d8af5629abf04ba6f08b6be9d8\">Para Nuno Ribeiro, diretor pedag\u00f3gico da ETIC Algarve, esta conquista \u00e9 motivo de orgulho: \u201cEsta vit\u00f3ria reflete o talento dos nossos formandos e o compromisso da escola em oferecer uma forma\u00e7\u00e3o que alia pr\u00e1tica, criatividade e vis\u00e3o. \u00c9 um orgulho ver a ETIC Algarve a afirmar-se como refer\u00eancia na \u00e1rea da comunica\u00e7\u00e3o e design.\u201d<\/p>\n\n\n\n<p><\/p>\n\n\n\n<p><\/p>\n\n\n\n<p>Reconhecimentos que Fazem Hist\u00f3ria<\/p>\n\n\n\n<p>Pedro Andrade junta-se a um grupo de talentos da ETIC Algarve que t\u00eam brilhado no Pr\u00e9mio Sophia Estudante:<\/p>\n\n\n\n<pre class=\"wp-block-code\"><code>2023: Jo\u00e3o Santos alcan\u00e7ou o 1.\u00ba lugar e Gabriel Marques o 3.\u00ba lugar.\n2022: Zuzana Fol e Tiago Botelho conquistaram, respetivamente, o 1.\u00ba e o 2.\u00ba lugares.<\/code><\/pre>\n\n\n\n<p>Estas conquistas refor\u00e7am o compromisso da ETIC Algarve em oferecer uma forma\u00e7\u00e3o inovadora e pr\u00e1tica, que prepara os alunos para os desafios do mercado.<\/p>\n","protected":false},"excerpt":{"rendered":"<p>A excel\u00eancia dos nossos alunos continua a brilhar! Pedro Andrade, formando do curso de Design de Comunica\u00e7\u00e3o e Multim\u00e9dia 23|25 da ETIC Algarve, &#8230;<\/p>\n","protected":false},"featured_media":1115,"menu_order":0,"template":"elementor_theme","categories":[],"class_list":["post-1114","news","type-news","status-publish","has-post-thumbnail","hentry"],"_links":{"self":[{"href":"https:\/\/dev.mercadocriativo.pt\/giz\/index.php\/wp-json\/wp\/v2\/news\/1114","targetHints":{"allow":["GET"]}}],"collection":[{"href":"https:\/\/dev.mercadocriativo.pt\/giz\/index.php\/wp-json\/wp\/v2\/news"}],"about":[{"href":"https:\/\/dev.mercadocriativo.pt\/giz\/index.php\/wp-json\/wp\/v2\/types\/news"}],"version-history":[{"count":13,"href":"https:\/\/dev.mercadocriativo.pt\/giz\/index.php\/wp-json\/wp\/v2\/news\/1114\/revisions"}],"predecessor-version":[{"id":1163,"href":"https:\/\/dev.mercadocriativo.pt\/giz\/index.php\/wp-json\/wp\/v2\/news\/1114\/revisions\/1163"}],"wp:featuredmedia":[{"embeddable":true,"href":"https:\/\/dev.mercadocriativo.pt\/giz\/index.php\/wp-json\/wp\/v2\/media\/1115"}],"wp:attachment":[{"href":"https:\/\/dev.mercadocriativo.pt\/giz\/index.php\/wp-json\/wp\/v2\/media?parent=1114"}],"wp:term":[{"taxonomy":"category","embeddable":true,"href":"https:\/\/dev.mercadocriativo.pt\/giz\/index.php\/wp-json\/wp\/v2\/categories?post=1114"}],"curies":[{"name":"wp","href":"https:\/\/api.w.org\/{rel}","templated":true}]}}